{"id":1820,"date":"2026-07-29T15:41:58","date_gmt":"2026-07-29T15:41:58","guid":{"rendered":"https:\/\/nextgenc.net\/?p=1820"},"modified":"2026-07-29T15:42:42","modified_gmt":"2026-07-29T15:42:42","slug":"festival-de-devolucion-nextgenc-hallazgos-juventudes","status":"publish","type":"post","link":"https:\/\/nextgenc.net\/en\/festival-de-devolucion-nextgenc-hallazgos-juventudes\/","title":{"rendered":"Festival de devoluci\u00f3n NextGenC: as\u00ed cerramos tres a\u00f1os de hallazgos junto a las juventudes\u00a0"},"content":{"rendered":"<p class=\"wp-block-paragraph\"><em>Fotograf\u00eda: NextGenC, Quibd\u00f3<\/em><\/p>\n\n\n\n<p class=\"wp-block-paragraph\">El camino de la investigaci\u00f3n s\u00f3lo cobra sentido cuando regresa al lugar donde naci\u00f3. Tras casi tres a\u00f1os de recorrer calles, escuchar colectivos y mapear el liderazgo juvenil en las ciudades intermedias de Colombia, iniciamos nuestra etapa de cierre volviendo a los territorios. Los pasados 10, 17 y 21 de julio, Cartagena, Quibd\u00f3 y Manizales se convirtieron en el escenario de nuestro <strong><em>#NextGenC Conversa | Festival de devoluci\u00f3n<\/em><\/strong>: un reencuentro indispensable con las juventudes, los gobiernos locales y las universidades que hicieron posible cada avance de este proyecto de investigaci\u00f3n colaborativo.<\/p>\n\n\n\n<p class=\"wp-block-paragraph\">El prop\u00f3sito de estos tres encuentros no fue \u00fanicamente entregar resultados, sino reconocer los aprendizajes construidos colectivamente. En NextGenC hemos explorado c\u00f3mo la participaci\u00f3n, la tecnolog\u00eda y las nuevas formas de organizaci\u00f3n social fortalecen la democracia local. Por eso, llevar de vuelta los datos a las comunidades fue un acto de transparencia y agradecimiento a quienes d\u00eda a d\u00eda transforman sus entornos.<\/p>\n\n\n\n<h3 class=\"wp-block-heading\"><strong>La paradoja democr\u00e1tica: mucho valor, poca satisfacci\u00f3n<\/strong><\/h3>\n\n\n\n<p class=\"wp-block-paragraph\">Durante las jornadas de presentaci\u00f3n, la radiograf\u00eda compartida a trav\u00e9s del <a href=\"https:\/\/nextgenc.net\/wp-content\/uploads\/2026\/01\/195-25-Resultados-estudio-Jovenes-en-Sociedad-V1.pdf\"><em>Estudio j\u00f3venes en sociedad 2026<\/em><\/a> despert\u00f3 algunas discusiones. Los datos reflejan una paradoja latente en el pa\u00eds: por un lado, el 61% de las personas j\u00f3venes considera muy importante vivir en un pa\u00eds democr\u00e1tico. Sin embargo, la insatisfacci\u00f3n con su funcionamiento real alcanza el 50%, sumado a un 32% de las personas encuestadas que afirman estar \u00abpoco satisfechas\u00bb.&nbsp;<\/p>\n\n\n\n<p class=\"wp-block-paragraph\">Las barreras para votar en elecciones locales tambi\u00e9n mostraron patrones comunes en el territorio nacional. La falta de informaci\u00f3n lidera el abstencionismo con un 53%, seguida de la desconfianza en los gobiernos locales con un 39%. A esto se suma que la postura ideol\u00f3gica var\u00eda dr\u00e1sticamente seg\u00fan la regi\u00f3n: mientras en Manizales el centro domina ampliamente con el 60%, en Quibd\u00f3 la izquierda alcanza el 42% y en Cartagena se sit\u00faa en un 28%.<\/p>\n\n\n\n<p class=\"wp-block-paragraph\">Las preocupaciones cotidianas de la juventud tambi\u00e9n quedaron al descubierto, demostrando que el desempleo es el mayor dolor de cabeza estructural en las tres ciudades:<\/p>\n\n\n\n<ul class=\"wp-block-list\">\n<li>Manizales: la urgencia principal es el empleo (81%), seguida de la salud (53%) y la educaci\u00f3n (51%).<\/li>\n\n\n\n<li>Quibd\u00f3: el panorama muestra como prioridad el empleo (66%), seguido de cerca por la salud (64%) y la seguridad (56%).<\/li>\n\n\n\n<li>Cartagena: la juventud prioriza el empleo (61%), la salud (45%) y la seguridad (44%).<\/li>\n<\/ul>\n\n\n\n<figure class=\"wp-block-image size-large\"><img loading=\"lazy\" decoding=\"async\" width=\"768\" height=\"1024\" src=\"https:\/\/nextgenc.net\/wp-content\/uploads\/2026\/07\/image-5-768x1024.jpeg\" alt=\"\" class=\"wp-image-1826\" srcset=\"https:\/\/nextgenc.net\/wp-content\/uploads\/2026\/07\/image-5-768x1024.jpeg 768w, https:\/\/nextgenc.net\/wp-content\/uploads\/2026\/07\/image-5-225x300.jpeg 225w, https:\/\/nextgenc.net\/wp-content\/uploads\/2026\/07\/image-5-1152x1536.jpeg 1152w, https:\/\/nextgenc.net\/wp-content\/uploads\/2026\/07\/image-5-9x12.jpeg 9w, https:\/\/nextgenc.net\/wp-content\/uploads\/2026\/07\/image-5.jpeg 1536w\" sizes=\"auto, (max-width: 768px) 100vw, 768px\" \/><\/figure>\n\n\n\n<p class=\"wp-block-paragraph\"><em>Fotograf\u00eda: NextGenC, Cartagena<\/em><\/p>\n\n\n\n<h3 class=\"wp-block-heading\"><strong>Del dato a la vivencia: lo que nos dijeron en las regiones<\/strong><\/h3>\n\n\n\n<p class=\"wp-block-paragraph\">Las cifras cobraron peso cuando se contrastaron con las reflexiones de los actores locales. En Cartagena, la discusi\u00f3n gir\u00f3 en torno a la necesidad de romper los prejuicios que recaen sobre la juventud.<\/p>\n\n\n\n<p class=\"wp-block-paragraph\">Laura Lozada, coordinadora del Hub Conexi\u00f3n Juvenil en Cartagena, lo resumi\u00f3 as\u00ed:<\/p>\n\n\n\n<p class=\"wp-block-paragraph\"><em>\u00abEl principal aporte de NextGenC a la ciudad es dar datos cualitativos y cuantitativos sobre la participaci\u00f3n juvenil, lo cual es importante porque muchas veces trabajamos desde el estereotipo o lo que creemos del otro y dejamos de ver que hay una realidad con la que debemos interlocutar\u00bb<\/em>.<\/p>\n\n\n\n<p class=\"wp-block-paragraph\">En esa misma l\u00ednea, Yina Romero, desde la Direcci\u00f3n de Juventudes de la Gobernaci\u00f3n del Bol\u00edvar, resalt\u00f3 el ejercicio de empat\u00eda institucional vivido durante el taller:<\/p>\n\n\n\n<p class=\"wp-block-paragraph\"><em>\u00abLo m\u00e1s importante que aprendimos en el encuentro fue articular y ponernos en la posici\u00f3n del otro para entender de d\u00f3nde vienen las necesidades, pensar en procesos de articulaci\u00f3n para llegar a un mismo fin y sanear las necesidades de los j\u00f3venes\u00bb<\/em>.<\/p>\n\n\n\n<p class=\"wp-block-paragraph\">Por su parte, en Quibd\u00f3, los hallazgos reabrieron el debate sobre la falta de confianza en las instituciones tradicionales. La encuesta en esta ciudad evidenci\u00f3 que las juventudes conf\u00edan mucho m\u00e1s en las redes sociales (49%) y en las plataformas digitales (31%) que en los partidos pol\u00edticos (38%).<\/p>\n\n\n\n<p class=\"wp-block-paragraph\">Mar\u00eda Fernanda Alom\u00eda, investigadora del Centro de Estudio del Bienestar (POLIS), se\u00f1al\u00f3:<\/p>\n\n\n\n<p class=\"wp-block-paragraph\"><em>\u00abPara la gobernanza local \u2014instituciones p\u00fablicas y privadas\u2014 la participaci\u00f3n de las personas j\u00f3venes es reconocida e importante, pero necesitan aunar esfuerzos para garantizarla y trabajar por la confianza de las juventudes hacia las instituciones, lo cual es un reto hist\u00f3rico\u00bb<\/em>.<\/p>\n\n\n\n<p class=\"wp-block-paragraph\">En el taller de Quibd\u00f3 tambi\u00e9n reson\u00f3 con fuerza la visibilizaci\u00f3n del enfoque diferencial. Una asistente del encuentro comparti\u00f3 su emoci\u00f3n al ver los datos recopilados:<\/p>\n\n\n\n<p class=\"wp-block-paragraph\"><em>\u00abMe gustaron los datos sobre la participaci\u00f3n de los j\u00f3venes afro e ind\u00edgenas. Identificar que, aunque sea un departamento diverso, las comunidades tienen diversas formas de participaci\u00f3n en sus procesos fue muy emocionante y abre la puerta a que quienes quieran busquen la forma de participar\u00bb<\/em>.<\/p>\n\n\n\n<figure class=\"wp-block-image size-large\"><img loading=\"lazy\" decoding=\"async\" width=\"768\" height=\"1024\" src=\"https:\/\/nextgenc.net\/wp-content\/uploads\/2026\/07\/image-4-768x1024.jpeg\" alt=\"\" class=\"wp-image-1825\" srcset=\"https:\/\/nextgenc.net\/wp-content\/uploads\/2026\/07\/image-4-768x1024.jpeg 768w, https:\/\/nextgenc.net\/wp-content\/uploads\/2026\/07\/image-4-225x300.jpeg 225w, https:\/\/nextgenc.net\/wp-content\/uploads\/2026\/07\/image-4-1152x1536.jpeg 1152w, https:\/\/nextgenc.net\/wp-content\/uploads\/2026\/07\/image-4-9x12.jpeg 9w, https:\/\/nextgenc.net\/wp-content\/uploads\/2026\/07\/image-4.jpeg 1200w\" sizes=\"auto, (max-width: 768px) 100vw, 768px\" \/><\/figure>\n\n\n\n<p class=\"wp-block-paragraph\"><em>Fotograf\u00eda: NextGenC, Manizales<\/em><\/p>\n\n\n\n<h3 class=\"wp-block-heading\"><strong>Manizales: autonom\u00eda para construir respuestas propias<\/strong><\/h3>\n\n\n\n<p class=\"wp-block-paragraph\">La \u00faltima parada del resaca la ecorrido en Manizales reafirm\u00f3 que las personas j\u00f3venes no solo se\u00f1alan los diagn\u00f3sticos, sino que demandan espacios reales para ejecutar soluciones. Paola Andrea Valencia Ot\u00e1lvaro, directora ejecutiva de la Fundaci\u00f3n Instituto de Liderazgo (FIL), valor\u00f3 el dise\u00f1o del laboratorio que propuso NextGenC en la capital caldense:<\/p>\n\n\n\n<p class=\"wp-block-paragraph\"><em>\u00abNos da la oportunidad de contar con un espacio, un modelo, un laboratorio para que los j\u00f3venes conversen desde las diferencias y diversas perspectivas para definir c\u00f3mo quieren vivir y qu\u00e9 le aportan al mundo. Es importante para que vean que sus construcciones, si se logran organizar y comunicar, tendr\u00e1n aliados que les ayuden a volver esas ideas en acciones materiales sobre el bienestar juvenil\u00bb<\/em>.<\/p>\n\n\n\n<p class=\"wp-block-paragraph\">Luis Enrique Bland\u00f3n, asistente a la jornada en Manizales, concluy\u00f3 con un mensaje de autonom\u00eda:<\/p>\n\n\n\n<p class=\"wp-block-paragraph\"><em>\u00abLo m\u00e1s importante fue el poder de los j\u00f3venes. Este es un espacio por y para los j\u00f3venes, identificando los problemas pero tambi\u00e9n siendo quienes le dan respuesta desde la autonom\u00eda. Me sue\u00f1o con una Manizales joven, pero con verdaderas oportunidades en materia de salud mental, educaci\u00f3n y acceso al trabajo\u00bb<\/em>.<\/p>\n\n\n\n<figure class=\"wp-block-image size-large\"><img loading=\"lazy\" decoding=\"async\" width=\"1024\" height=\"768\" src=\"https:\/\/nextgenc.net\/wp-content\/uploads\/2026\/07\/image-6-1024x768.jpeg\" alt=\"\" class=\"wp-image-1827\" srcset=\"https:\/\/nextgenc.net\/wp-content\/uploads\/2026\/07\/image-6-1024x768.jpeg 1024w, https:\/\/nextgenc.net\/wp-content\/uploads\/2026\/07\/image-6-300x225.jpeg 300w, https:\/\/nextgenc.net\/wp-content\/uploads\/2026\/07\/image-6-768x576.jpeg 768w, https:\/\/nextgenc.net\/wp-content\/uploads\/2026\/07\/image-6-1536x1152.jpeg 1536w, https:\/\/nextgenc.net\/wp-content\/uploads\/2026\/07\/image-6-16x12.jpeg 16w, https:\/\/nextgenc.net\/wp-content\/uploads\/2026\/07\/image-6.jpeg 2048w\" sizes=\"auto, (max-width: 1024px) 100vw, 1024px\" \/><\/figure>\n\n\n\n<p class=\"wp-block-paragraph\"><em>Fotograf\u00eda: NextGenC, Manizales<\/em><\/p>\n\n\n\n<p class=\"wp-block-paragraph\">M\u00e1s que el punto final a tres a\u00f1os de recolecci\u00f3n de evidencia en el territorio, el <strong><em>#NextGenC Conversa | Festival de devoluci\u00f3n<\/em><\/strong> marca la entrega de una valiosa hoja de ruta para los gobiernos locales y la sociedad civil. Los hallazgos de NextGenC comprueban con claridad que las juventudes de las ciudades intermedias colombianas est\u00e1n m\u00e1s que dispuestas a liderar, proponer y construir desde el di\u00e1logo. Ahora, la pelota est\u00e1 en la cancha de las instituciones y aliados estrat\u00e9gicos, quienes tienen el compromiso hist\u00f3rico de traducir estas evidencias en pol\u00edticas p\u00fablicas, garant\u00edas reales de participaci\u00f3n y mejores oportunidades que respondan a las verdaderas necesidades y expectativas de las juventudes en Cartagena, Quibd\u00f3 y Manizales.<\/p>\n\n\n\n<p class=\"wp-block-paragraph\"><\/p>","protected":false},"excerpt":{"rendered":"<p>Fotograf\u00eda: NextGenC, Quibd\u00f3 El camino de la investigaci\u00f3n s\u00f3lo cobra sentido cuando regresa al lugar donde naci\u00f3. Tras casi tres a\u00f1os de recorrer calles, escuchar colectivos y mapear el liderazgo juvenil en las ciudades intermedias de Colombia, iniciamos nuestra etapa de cierre volviendo a los territorios. Los pasados 10, 17 y 21 de julio, Cartagena,&hellip;<\/p>","protected":false},"author":1,"featured_media":1824,"comment_status":"open","ping_status":"open","sticky":false,"template":"","format":"standard","meta":{"_acf_changed":false,"footnotes":""},"categories":[39],"tags":[44,12,11],"class_list":["post-1820","post","type-post","status-publish","format-standard","has-post-thumbnail","hentry","category-juventud","tag-devolucion-de-resultados","tag-nextgenc","tag-participacion-juvenil-en-ciudades-intermedias"],"acf":[],"_links":{"self":[{"href":"https:\/\/nextgenc.net\/en\/wp-json\/wp\/v2\/posts\/1820","targetHints":{"allow":["GET"]}}],"collection":[{"href":"https:\/\/nextgenc.net\/en\/wp-json\/wp\/v2\/posts"}],"about":[{"href":"https:\/\/nextgenc.net\/en\/wp-json\/wp\/v2\/types\/post"}],"author":[{"embeddable":true,"href":"https:\/\/nextgenc.net\/en\/wp-json\/wp\/v2\/users\/1"}],"replies":[{"embeddable":true,"href":"https:\/\/nextgenc.net\/en\/wp-json\/wp\/v2\/comments?post=1820"}],"version-history":[{"count":3,"href":"https:\/\/nextgenc.net\/en\/wp-json\/wp\/v2\/posts\/1820\/revisions"}],"predecessor-version":[{"id":1831,"href":"https:\/\/nextgenc.net\/en\/wp-json\/wp\/v2\/posts\/1820\/revisions\/1831"}],"wp:featuredmedia":[{"embeddable":true,"href":"https:\/\/nextgenc.net\/en\/wp-json\/wp\/v2\/media\/1824"}],"wp:attachment":[{"href":"https:\/\/nextgenc.net\/en\/wp-json\/wp\/v2\/media?parent=1820"}],"wp:term":[{"taxonomy":"category","embeddable":true,"href":"https:\/\/nextgenc.net\/en\/wp-json\/wp\/v2\/categories?post=1820"},{"taxonomy":"post_tag","embeddable":true,"href":"https:\/\/nextgenc.net\/en\/wp-json\/wp\/v2\/tags?post=1820"}],"curies":[{"name":"wp","href":"https:\/\/api.w.org\/{rel}","templated":true}]}}